{"id":732,"date":"2010-04-05T13:48:57","date_gmt":"2010-04-05T12:48:57","guid":{"rendered":"http:\/\/www.druckschrift.net\/?p=732"},"modified":"2010-04-25T00:57:58","modified_gmt":"2010-04-24T23:57:58","slug":"das-netz-%e2%80%93-ein-offentlicher-ort","status":"publish","type":"post","link":"https:\/\/www.druckschrift.net\/?p=732","title":{"rendered":"Das Netz \u2013 ein \u00f6ffentlicher Ort?"},"content":{"rendered":"<p style=\"text-align: justify;\">Nachdem sich <a href=\"http:\/\/www.spiegel.de\/politik\/deutschland\/0,1518,687255,00.html\">Facebook<\/a> mit rund 400 Millionen Nutzern und <a href=\"http:\/\/www.google.de\/search?hl=de&amp;q=google+aufrufe+pro+tag&amp;meta=&amp;aq=0&amp;aqi=g1&amp;aql=&amp;oq=google+aufrufe+pro&amp;gs_rfai=\">mehr Seitenaufrufen als Google<\/a> wohl \u00fcber lange Zeit ins Gespr\u00e4ch bringen wird (zusammengetragen auf <a href=\"http:\/\/www.netzsofa.net\/?p=91\">netzsofa.net<\/a>), hat sich mir die Frage gestellt, wie solche und andere Kommunikations<a href=\"http:\/\/de.wikipedia.org\/wiki\/Forum\">foren<\/a> Teil einer neuen Form von <a href=\"http:\/\/de.wikipedia.org\/wiki\/\u00d6ffentlichkeit\">\u00d6ffentlichkeit<\/a> sind. <a href=\"http:\/\/de.wikipedia.org\/wiki\/J\u00fcrgen_Habermas#Strukturwandel_der_.C3.96ffentlichkeit\">Habermas<\/a> zum Beispiel sieht eine fragmentierte \u00d6ffentlichkeit im Netz:<\/p>\n<blockquote><p>Das Web liefert die Hardware f\u00fcr die Entr\u00e4umlichung einer verdichteten und beschleunigten Kommunikation, aber von sich aus kann es der zentrifugalen Tendenz nichts entgegensetzen. Vorerst fehlen im virtuellen Raum die funktionalen \u00c4quivalente f\u00fcr die \u00d6ffentlichkeitsstrukturen, die die dezentralisierten Botschaften wieder auffangen, selegieren und in redigierter Form synthetisieren. <span style=\"color: #000000;\">(nachlesen: <a href=\"http:\/\/weblog.histnet.ch\/archives\/892\">Habermas 2.0 \u2013 Strukturwandel der \u00d6ffentlichkeit reloaded<\/a>)<\/span><\/p><\/blockquote>\n<p style=\"text-align: justify;\">Wer ein bisschen Zeit aufbringen will, kann dazu 175 Minuten lang einen <a href=\"http:\/\/www.medientage.de\/mediathek\/audio\/audio_overview.html?audio=149&amp;titel=Precht\">Einblick in den M\u00fcnchner Mediengipfel<\/a> vom Oktober 2009 nehmen. Dort redet <a href=\"http:\/\/www.amazon.de\/product-reviews\/3442311438\/ref=cm_cr_dp_hist_1?ie=UTF8&amp;showViewpoints=0&amp;filterBy=addOneStar\">Richard David Precht<\/a> von Minute 38:41 bis 54:37 in dieselbe Richtung, insbesondere ab 46:40 (krass: <em>individualisiertes Kollektivdasein der vereinzelten Masseneremiten<\/em>). Eine Gegenposition vertritt Felix Neumann in seinem <a href=\"http:\/\/fxneumann.de\/\">Blog<\/a>:<\/p>\n<blockquote><p>Prechts Politikverst\u00e4ndnis ist hoffnungslos veraltet: F\u00fcr ihn kann strenggenommen nur die Agora in Athen bestehen, denn dort werden wirklich alle Fragen von \u00f6ffentlichem Belang in einer gemeinsamen \u00d6ffentlichkeit diskutiert. Schon vor dem Internet war die Gesellschaft zu gro\u00df und zu komplex, als da\u00df man ernsthaft annehmen konnte, da\u00df ein v\u00f6llig homogener Diskursraum m\u00f6glich sei. Nat\u00fcrlich ist auch der \u00f6ffentliche Diskurs arbeitsteilig; zum Gl\u00fcck mu\u00df ich nicht am \u00f6ffentlichen Diskurs \u00fcber etwa Kohlenstoffabscheidung und -speicherung (zweifellos ein enorm wichtiges Thema!) teilnehmen. Das \u00bbfragmentiert\u00ab den Diskurs aber nicht, das segmentiert und ordnet ihn \u2013 und nur dank dem Netz kann ich schnell nachlesen, was es damit auf sich hat, und weil das Netz bisher fragmentierte \u00d6ffentlichkeiten verbindet, kann ich mich bei Bedarf ungleich tiefgreifender informieren, als das ein Drei-Minuten-Beitrag in der Tagesschau oder ein Zeitungsartikel k\u00f6nnte. <span style=\"color: #000000;\">(nachlesen:\u00a0<a href=\"http:\/\/fxneumann.de\/2009\/11\/23\/das-netz-integriert-oeffentlichkeiten-gegen-precht\/\">Das Netz integriert \u00d6ffentlichkeiten. Gegen Precht<\/a>)<\/span><\/p><\/blockquote>\n<p style=\"text-align: justify;\">Tja, da steht man nun und wei\u00df nicht recht weiter. Irgendwie geht es ja bei &#8218;\u00d6ffentlichkeit&#8216; vor allen Dingen darum, was man annimmt, welche Auffassung andere zu bestimmten Themen haben und welche dieser Meinungen vorherrschend sind und welche Position man selbst zu dieser vorherrschenden Meinung einnimmt. Dass dabei nicht immer die mehrheitlichen Meinungen vorherrschend sein m\u00fcssen, sondern vielleicht sogar die selbsteingesch\u00e4tzte Gegenposition mehrheitlich aber nicht vorherrschend ist \u2013 dazu braucht man nicht die <a href=\"http:\/\/www.sueddeutsche.de\/politik\/703\/318576\/bilder\/\">Weisheit eines Roland Kochs<\/a>. Nun tr\u00e4gt zu dieser schweigenden Gegenposition vielleicht auch etwas die Anonymit\u00e4t des Lesers bei (<a href=\"https:\/\/www.druckschrift.net\/?p=165\">dazugeh\u00f6rige These<\/a>). F\u00fcr schwerwiegender erachte ich allerdings, dass <a href=\"http:\/\/www.50plus-ans-netz.de\/content\/view\/full\/10110\/(first_node)\/7065\">gro\u00dfe Bev\u00f6lkerungsgruppen einfach nicht teilnehmen am digitalen Austausch<\/a>. Und wenn man selbst keine Emailadresse hat, wom\u00f6glich ohne Handy durch die Gegend l\u00e4uft und nicht \u00fcber 50 Jahre alt ist, dann ist man absonderlich \u2013 so die von mir behauptete \u00f6ffentlich vorherrschende Meinung. Dass diese Meinung zu kritisieren ist, da werden mir sicherlich die meisten zustimmen&#8230; \u2013 Wie dem auch sei, was ich eigentlich sagen wollte:<\/p>\n<blockquote>\n<p style=\"text-align: left;\"><span style=\"color: #000000;\">Ob Fora oder Foren: Wo viel Gerede, da ist viel Schweigen.<\/span><\/p>\n<\/blockquote>\n<p style=\"text-align: justify;\"><span style=\"color: #000000;\"> PS: <a href=\"http:\/\/www.youtube.com\/watch?v=9rK2WPtzAnk\">Das<\/a> f\u00fchrt weiter weg, ist aber nicht weniger interessant:\u00a0<a href=\"http:\/\/www.heise.de\/tp\/r4\/artikel\/32\/32316\/1.html\">Ist ein globales demokratisches System m\u00f6glich?<\/a><\/span><\/p>\n","protected":false},"excerpt":{"rendered":"<p>Nachdem sich Facebook mit rund 400 Millionen Nutzern und mehr Seitenaufrufen als Google wohl \u00fcber lange Zeit&#8230;<\/p>\n<div class=\"more-link-wrapper\"><a class=\"more-link\" href=\"https:\/\/www.druckschrift.net\/?p=732\">weiterleesen<span class=\"screen-reader-text\">Das Netz \u2013 ein \u00f6ffentlicher Ort?<\/span><\/a><\/div>\n","protected":false},"author":1,"featured_media":0,"comment_status":"closed","ping_status":"open","sticky":false,"template":"","format":"standard","meta":{"footnotes":""},"categories":[10,14,17],"tags":[53,52],"class_list":["post-732","post","type-post","status-publish","format-standard","hentry","category-satz","category-medien","category-politisches","tag-netz","tag-social","entry"],"_links":{"self":[{"href":"https:\/\/www.druckschrift.net\/index.php?rest_route=\/wp\/v2\/posts\/732","targetHints":{"allow":["GET"]}}],"collection":[{"href":"https:\/\/www.druckschrift.net\/index.php?rest_route=\/wp\/v2\/posts"}],"about":[{"href":"https:\/\/www.druckschrift.net\/index.php?rest_route=\/wp\/v2\/types\/post"}],"author":[{"embeddable":true,"href":"https:\/\/www.druckschrift.net\/index.php?rest_route=\/wp\/v2\/users\/1"}],"replies":[{"embeddable":true,"href":"https:\/\/www.druckschrift.net\/index.php?rest_route=%2Fwp%2Fv2%2Fcomments&post=732"}],"version-history":[{"count":21,"href":"https:\/\/www.druckschrift.net\/index.php?rest_route=\/wp\/v2\/posts\/732\/revisions"}],"predecessor-version":[{"id":742,"href":"https:\/\/www.druckschrift.net\/index.php?rest_route=\/wp\/v2\/posts\/732\/revisions\/742"}],"wp:attachment":[{"href":"https:\/\/www.druckschrift.net\/index.php?rest_route=%2Fwp%2Fv2%2Fmedia&parent=732"}],"wp:term":[{"taxonomy":"category","embeddable":true,"href":"https:\/\/www.druckschrift.net\/index.php?rest_route=%2Fwp%2Fv2%2Fcategories&post=732"},{"taxonomy":"post_tag","embeddable":true,"href":"https:\/\/www.druckschrift.net\/index.php?rest_route=%2Fwp%2Fv2%2Ftags&post=732"}],"curies":[{"name":"wp","href":"https:\/\/api.w.org\/{rel}","templated":true}]}}