{"id":572,"date":"2009-09-09T19:55:52","date_gmt":"2009-09-09T18:55:52","guid":{"rendered":"http:\/\/www.druckschrift.net\/?p=572"},"modified":"2010-04-25T01:21:47","modified_gmt":"2010-04-25T00:21:47","slug":"das-internet-manifest","status":"publish","type":"post","link":"https:\/\/www.druckschrift.net\/?p=572","title":{"rendered":"Das Internet-Manifest"},"content":{"rendered":"<p style=\"text-align: justify;\">Endlich mal <a href=\"http:\/\/diego.blogger.de\/stories\/1482899\/\">jemand<\/a>, der nichts zum <a href=\"http:\/\/www.internet-manifest.de\/\">Internet-Manifest<\/a> zu sagen hat&#8230; \u2013 Naja, fast nichts, zumindest, liegt aber wohl nur an der &#8218;<a href=\"http:\/\/de.wikipedia.org\/wiki\/Siebzehn\">17<\/a>&#8218;.<\/p>\n<p style=\"text-align: justify;\">Ich hingegen finde, dass das alles arg schwammig ist und damit keine Forderungen oder wirklich neuen Sichtweisen verbunden sind. Merkw\u00fcrdig finde ich folgenden Punkt:<\/p>\n<blockquote>\n<p style=\"text-align: left;\">Links sind Verbindungen. Wir kennen uns durch Links. Wer sie nicht nutzt, schlie\u00dft sich aus dem gesellschaftlichen Diskurs aus. Das gilt auch f\u00fcr die Online-Auftritte klassischer Medienh\u00e4user.<\/p>\n<\/blockquote>\n<p style=\"text-align: justify;\">Mein Problem damit ist, dass da irgendwie drin steckt, dass <a href=\"https:\/\/www.druckschrift.net\/?p=732\">\u00d6ffentlichkeit<\/a> sich in Zukunft nur noch aufs Netz beschr\u00e4nken wird. Und das will ich nicht.<\/p>\n","protected":false},"excerpt":{"rendered":"<p>Endlich mal jemand, der nichts zum Internet-Manifest zu sagen hat&#8230; \u2013 Naja, fast nichts, zumindest, liegt aber&#8230;<\/p>\n<div class=\"more-link-wrapper\"><a class=\"more-link\" href=\"https:\/\/www.druckschrift.net\/?p=572\">weiterleesen<span class=\"screen-reader-text\">Das Internet-Manifest<\/span><\/a><\/div>\n","protected":false},"author":1,"featured_media":0,"comment_status":"closed","ping_status":"open","sticky":false,"template":"","format":"standard","meta":{"footnotes":""},"categories":[6,14],"tags":[40,53],"class_list":["post-572","post","type-post","status-publish","format-standard","hentry","category-blogbuchstaben","category-medien","tag-hypertext","tag-netz","entry"],"_links":{"self":[{"href":"https:\/\/www.druckschrift.net\/index.php?rest_route=\/wp\/v2\/posts\/572","targetHints":{"allow":["GET"]}}],"collection":[{"href":"https:\/\/www.druckschrift.net\/index.php?rest_route=\/wp\/v2\/posts"}],"about":[{"href":"https:\/\/www.druckschrift.net\/index.php?rest_route=\/wp\/v2\/types\/post"}],"author":[{"embeddable":true,"href":"https:\/\/www.druckschrift.net\/index.php?rest_route=\/wp\/v2\/users\/1"}],"replies":[{"embeddable":true,"href":"https:\/\/www.druckschrift.net\/index.php?rest_route=%2Fwp%2Fv2%2Fcomments&post=572"}],"version-history":[{"count":10,"href":"https:\/\/www.druckschrift.net\/index.php?rest_route=\/wp\/v2\/posts\/572\/revisions"}],"predecessor-version":[{"id":892,"href":"https:\/\/www.druckschrift.net\/index.php?rest_route=\/wp\/v2\/posts\/572\/revisions\/892"}],"wp:attachment":[{"href":"https:\/\/www.druckschrift.net\/index.php?rest_route=%2Fwp%2Fv2%2Fmedia&parent=572"}],"wp:term":[{"taxonomy":"category","embeddable":true,"href":"https:\/\/www.druckschrift.net\/index.php?rest_route=%2Fwp%2Fv2%2Fcategories&post=572"},{"taxonomy":"post_tag","embeddable":true,"href":"https:\/\/www.druckschrift.net\/index.php?rest_route=%2Fwp%2Fv2%2Ftags&post=572"}],"curies":[{"name":"wp","href":"https:\/\/api.w.org\/{rel}","templated":true}]}}