{"id":3692,"date":"2026-09-04T08:52:20","date_gmt":"2026-09-04T07:52:20","guid":{"rendered":"https:\/\/www.druckschrift.net\/?p=3692"},"modified":"2026-09-04T16:19:09","modified_gmt":"2026-09-04T15:19:09","slug":"die-ruhe-vor-dem-sturm","status":"publish","type":"post","link":"https:\/\/www.druckschrift.net\/?p=3692","title":{"rendered":"Die Ruhe vor dem Sturm"},"content":{"rendered":"\n<p class=\"wp-block-paragraph\">2 Reportagen, die den Blick auf Menschen in Sachsen-Anhalt und Mecklenburg-Vorpommern legen:<\/p>\n\n\n\n<p class=\"wp-block-paragraph\"><a href=\"https:\/\/www.zeit.de\/video\/2026-09\/sachsen-anhalt-landtagswahl-afd-wegzug\">Landtagswahl in Sachsen-Anhalt: Eine Reise durchs \u00bbHier war mal\u00ab-Land<\/a><\/p>\n\n\n\n<p class=\"wp-block-paragraph\"><a href=\"https:\/\/www.ardmediathek.de\/film\/die-da-unten\/Y3JpZDovL25kci5kZS80ODc4IHByb3BsYW5fMTk2MzgyMjY1\">Die da unten<\/a><\/p>\n\n\n\n<p class=\"wp-block-paragraph\">Beide sind zu empfehlen. Insbesondere die der ZEIT, da sie so ruhig ist. Das ist eine wohltuende Abwechslung im Vergleich zu diverser anderer Berichterstattung.<\/p>\n\n\n\n<p class=\"wp-block-paragraph\">Anne meint, dass es gut sein kann, dass wir Montag in einer anderen Gesellschaft aufwachen, weil diejenigen, die mit AfD-Positionen sympathisieren, sich dann offener zeigen w\u00fcrden im Alltag. Da mag durchaus was dran sein, wir werden sehen. Ich glaube ja, dass die Stimmung so ist, dass es egal ist, wie die Wahlen f\u00fcr die AfD genau ausgehen: <\/p>\n\n\n\n<ul class=\"wp-block-list\">\n<li>Absolute Mehrheit hie\u00dfe Gewinn. Strategie: Umbauen, was man umbauen kann; st\u00f6ren, wo man institutionell st\u00f6ren kann; Erz\u00e4hlung: &#8222;das Wesentliche k\u00f6nnen wir nicht \u00e4ndern, wegen denen da oben in Berlin&#8220;.<\/li>\n\n\n\n<li>Hohe Prozentzahl, aber keine absolute Mehrheit: Landtag ggf. handlungsunf\u00e4hig, H\u00e4ngepartie bis zu Neuwahlen, Schuld sind die &#8222;Altparteien&#8220;.<\/li>\n\n\n\n<li>Deutlich niedriger als in Umfrageergebnissen: Wahlen w\u00e4ren gef\u00e4lscht. Vor allem Briefwahl m\u00fcsse weg (siehe Trump).<\/li>\n<\/ul>\n\n\n\n<p class=\"wp-block-paragraph\">So oder so wird das gesellschaftliche Klima im Alltag vermutlich rauer.<\/p>\n\n\n\n<p class=\"wp-block-paragraph\">PS: Mal sehen, wie viele Sabotageakte vor den Wahlen noch so stattfinden. Stichwort: <a href=\"https:\/\/www.tagesschau.de\/faktenfinder\/faktencheck-russland-deutsche-wahlen-100.html\">Operation Matrjoschka<\/a> &amp; Co. Mich erinnert das an die <a href=\"https:\/\/www.dw.com\/de\/deutsche-fahnder-sehen-russland-hinter-sabotage-serie\/a-71515118\">Verstopfung der Auspuffe<\/a>, nur dass es damals selbst die Desinformationskampagnen noch beschaulicher zugingen. Siehe auch: <a href=\"https:\/\/www.druckschrift.net\/?p=3327\">Aufr\u00fcsten in Gesellschaft?<\/a><\/p>\n\n\n\n<p class=\"wp-block-paragraph\">PPS: Wir leben in einer Zeit von Angst und Wut, so scheint es. In einem Podcast h\u00f6rte ich mal die Formulierung, Chrupalla verk\u00f6rpere die Angst, Weidel die Wut. So als Projektionsfl\u00e4che f\u00fcr die besorgten B\u00fcrger. In Hitlers <em>Mein Kampf<\/em> steht irgendwo \u00fcber Propaganda, dass nicht derjenige Redner der beste sei, welcher intelligent rede. Der beste Redner sei der, der das Herz der Masse zu erobern wisse. Gef\u00fchlsduselei eben. Wahrheit spielt dann nur insofern eine Rolle, wenn sie n\u00fctzlich ist. Der entscheidende Unterschied Massenkommunikation von damals scheint mir zu sein, dass sie heute fragmentierter daher kommt, sich auch genauso an die Masse richtet, man das aber durch seine individualisierten Informationsr\u00e4ume nicht so sehr sp\u00fcrt. Der Kopf l\u00e4sst sich leichter in den Sand stecken. Mal sehen, wie es weiter geht.<\/p>\n\n\n\n<p class=\"wp-block-paragraph\">Nachtrag:<br><a href=\"https:\/\/www.juedische-allgemeine.de\/politik\/forscherin-afd-will-erinnerung-an-ns-zeit-und-holocaust-ausradieren\/\">Historikerin: AfD will Erinnerung an NS-Zeit und Holocaust ausradieren<\/a><\/p>\n","protected":false},"excerpt":{"rendered":"<p>2 Reportagen, die den Blick auf Menschen in Sachsen-Anhalt und Mecklenburg-Vorpommern legen: Landtagswahl in Sachsen-Anhalt: Eine Reise&#8230;<\/p>\n<div class=\"more-link-wrapper\"><a class=\"more-link\" href=\"https:\/\/www.druckschrift.net\/?p=3692\">weiterleesen<span class=\"screen-reader-text\">Die Ruhe vor dem Sturm<\/span><\/a><\/div>\n","protected":false},"author":1,"featured_media":0,"comment_status":"closed","ping_status":"open","sticky":false,"template":"","format":"standard","meta":{"footnotes":""},"categories":[6],"tags":[80,68,52],"class_list":["post-3692","post","type-post","status-publish","format-standard","hentry","category-blogbuchstaben","tag-gesellschaft","tag-politik","tag-social","entry"],"_links":{"self":[{"href":"https:\/\/www.druckschrift.net\/index.php?rest_route=\/wp\/v2\/posts\/3692","targetHints":{"allow":["GET"]}}],"collection":[{"href":"https:\/\/www.druckschrift.net\/index.php?rest_route=\/wp\/v2\/posts"}],"about":[{"href":"https:\/\/www.druckschrift.net\/index.php?rest_route=\/wp\/v2\/types\/post"}],"author":[{"embeddable":true,"href":"https:\/\/www.druckschrift.net\/index.php?rest_route=\/wp\/v2\/users\/1"}],"replies":[{"embeddable":true,"href":"https:\/\/www.druckschrift.net\/index.php?rest_route=%2Fwp%2Fv2%2Fcomments&post=3692"}],"version-history":[{"count":2,"href":"https:\/\/www.druckschrift.net\/index.php?rest_route=\/wp\/v2\/posts\/3692\/revisions"}],"predecessor-version":[{"id":3694,"href":"https:\/\/www.druckschrift.net\/index.php?rest_route=\/wp\/v2\/posts\/3692\/revisions\/3694"}],"wp:attachment":[{"href":"https:\/\/www.druckschrift.net\/index.php?rest_route=%2Fwp%2Fv2%2Fmedia&parent=3692"}],"wp:term":[{"taxonomy":"category","embeddable":true,"href":"https:\/\/www.druckschrift.net\/index.php?rest_route=%2Fwp%2Fv2%2Fcategories&post=3692"},{"taxonomy":"post_tag","embeddable":true,"href":"https:\/\/www.druckschrift.net\/index.php?rest_route=%2Fwp%2Fv2%2Ftags&post=3692"}],"curies":[{"name":"wp","href":"https:\/\/api.w.org\/{rel}","templated":true}]}}