{"id":3679,"date":"2026-09-02T08:47:31","date_gmt":"2026-09-02T07:47:31","guid":{"rendered":"https:\/\/www.druckschrift.net\/?p=3679"},"modified":"2026-09-02T11:30:59","modified_gmt":"2026-09-02T10:30:59","slug":"im-kino-staatsschutz","status":"publish","type":"post","link":"https:\/\/www.druckschrift.net\/?p=3679","title":{"rendered":"Im Kino: Staatsschutz"},"content":{"rendered":"\n<p class=\"wp-block-paragraph\">Am Samstag war ich in dem Film <a href=\"https:\/\/www.staatsschutz-film.de\/de\">Staatsschutz<\/a> von <a href=\"https:\/\/de.wikipedia.org\/wiki\/Faraz_Shariat\">Faraz Shariat<\/a>. Darin begleitet man eine junge Staatsanw\u00e4ltin, die Opfer eines Anschlags wird und dann auf eigenen Faust \u2013 wegen der Verstricktheit von Mitarbeitern der ermittelnden Beh\u00f6rden \u2013 auf eigene Faust ermittelt.<\/p>\n\n\n\n<p class=\"wp-block-paragraph\">Der Film thematisiert die schwierige Aufkl\u00e4rung von Straftaten an migrantischen Opfern. W\u00e4hrend er, <a href=\"https:\/\/de.wikipedia.org\/wiki\/Staatsschutz_(Film)#Regie,_Drehbuch_und_Besetzung\">soweit ich wei\u00df<\/a>, nicht auf einer konkreten wahren Begebenheit beruht, ist er jedoch durch jahrelange Recherchen stark &#8222;in der Realit\u00e4t verwurzelt&#8220;.<\/p>\n\n\n\n<p class=\"wp-block-paragraph\">Auf <a href=\"https:\/\/filmisch.online\/schuelerinnen\/filme\/staatsschutz\/\">filmisch.online<\/a> hei\u00dft es zu dem Film: <\/p>\n\n\n\n<blockquote class=\"wp-block-quote is-layout-flow wp-block-quote-is-layout-flow\">\n<p class=\"wp-block-paragraph\">STAATSSCHUTZ behandelt fiktionale Ereignisse, die an reale F\u00e4lle in Deutschland erinnern, etwa an die rechtsterroristischen NSU-Morde oder weitere rassistisch motivierte Verbrechen. Der Film erz\u00e4hlt sowohl aus der Perspektive einer Betroffenen als auch mit Blick auf eine Institution. Neben Aspekten des Gerichtsfilms ist STAATSSCHUTZ auch eine rassismuskritische Gegenerz\u00e4hlung mit Popmusik und Elementen des Thriller-Genres. So erk\u00e4mpft sich Seyo nach dem Neonazi-Angriff peu \u00e0 peu wieder Haltung und Handlungsmacht. Mit einem kugelsicheren Sportwagen, der an die 1980er-Jahre-Serie \u201eKnight Rider\u201c erinnert, und R\u2018 n \u2018B-Sounds aus den Auto-Lautsprechern sammelt die Juristin eigenh\u00e4ndig Indizien zu rechtsextremen Strukturen und den Vers\u00e4umnissen ihrer eigenen Beh\u00f6rde. Die empowernde Inszenierung einer post-migrantischen und queeren Hauptfigur unterscheidet sich signifikant von anderen medialen Erz\u00e4hlungen \u00fcber rassistische Gewalt und deren Folgen.<\/p>\n<\/blockquote>\n\n\n\n<p class=\"wp-block-paragraph\">Ich musste, als sich die Staatsanw\u00e4ltin ein neues, vermeintlich sichereres Auto zulegt, einen schwarzen <a href=\"https:\/\/de.wikipedia.org\/wiki\/Dodge_Challenger\">Dodge Challenger<\/a>, nachdem sie ihr altes mit zerstochenen Reifen vorfindet, nicht an Knight Rider sondern an den Film <a href=\"https:\/\/de.wikipedia.org\/wiki\/Interceptor_(1986)\">The Wraith<\/a> denken, bei dem ein geheimnisvoller <a href=\"https:\/\/de.wikipedia.org\/wiki\/Dodge_M4S\">verdunkelter Wagen<\/a> die Auto-Rocker zu Rennen auffordert und sie dabei bestraft. Das war sicher nicht beabsichtigt, zeigt aber, dass der Film keine Dokumentation war. Das Auto sollte vielleicht eher sinnbildlich daf\u00fcr stehen, dass sie sich nicht kleinkriegen l\u00e4sst und die Herausforderung annimmt.<\/p>\n\n\n\n<p class=\"wp-block-paragraph\">Ich fand den Film gelungen. Er war, bei aller Ernsthaftigkeit des Themas und dessen Wirklichkeitsbezug, unterhaltsam und erinnerte von der Handlung an eine Tatortfolge, \u00fcber die man noch l\u00e4nger spricht. Der Kerngedanke scheint mir, dass die Staatsanw\u00e4ltin unglaublich stark sein muss und sich nicht einsch\u00fcchtern lassen darf und manchmal auch illegal handeln muss, um der Wahrheit auf die Spur zu kommen. Meiner Meinung nach h\u00e4tte am Ende das <a href=\"https:\/\/www.druckschrift.net\/?p=3345\">St\u00f6rgef\u00fchl<\/a>, das in der Aufl\u00f6sung der Geschichte nur angedeutet ist, noch st\u00e4rker betont werden k\u00f6nnen.<\/p>\n\n\n\n<p class=\"wp-block-paragraph\">Zum Thema rechtsextreme Gewalttaten und deren Aufkl\u00e4rung empfehle ich auch das Buch <a href=\"https:\/\/www.l-iz.de\/bildung\/buecher\/2025\/04\/kipppunkte-falsche-weichenstellungen-1990er-jahre-unsere-probleme-heute-623212\">Kipppunkte<\/a>, wenngleich hier der Schwerpunkt die <a href=\"https:\/\/www.bpb.de\/shop\/zeitschriften\/apuz\/rechte-gewalt-in-den-1990er-jahren-2022\/515769\/baseballschlaegerjahre\/\">1990er<\/a> Jahre sind.<\/p>\n\n\n\n<p class=\"wp-block-paragraph\">Siehe auch: <a href=\"https:\/\/www.ardsounds.de\/episode\/urn:ard:episode:27c0ee84990a9f9e\/\">VOR 33 (1\/5) &#8211; Strafnachlass f\u00fcr Nazi-Schl\u00e4ger<\/a> (Danke, Christian)<\/p>\n\n\n\n<p class=\"wp-block-paragraph\"><\/p>\n","protected":false},"excerpt":{"rendered":"<p>Am Samstag war ich in dem Film Staatsschutz von Faraz Shariat. Darin begleitet man eine junge Staatsanw\u00e4ltin,&#8230;<\/p>\n<div class=\"more-link-wrapper\"><a class=\"more-link\" href=\"https:\/\/www.druckschrift.net\/?p=3679\">weiterleesen<span class=\"screen-reader-text\">Im Kino: Staatsschutz<\/span><\/a><\/div>\n","protected":false},"author":1,"featured_media":0,"comment_status":"closed","ping_status":"open","sticky":false,"template":"","format":"standard","meta":{"footnotes":""},"categories":[6],"tags":[47,80,67],"class_list":["post-3679","post","type-post","status-publish","format-standard","hentry","category-blogbuchstaben","tag-film","tag-gesellschaft","tag-gewalt","entry"],"_links":{"self":[{"href":"https:\/\/www.druckschrift.net\/index.php?rest_route=\/wp\/v2\/posts\/3679","targetHints":{"allow":["GET"]}}],"collection":[{"href":"https:\/\/www.druckschrift.net\/index.php?rest_route=\/wp\/v2\/posts"}],"about":[{"href":"https:\/\/www.druckschrift.net\/index.php?rest_route=\/wp\/v2\/types\/post"}],"author":[{"embeddable":true,"href":"https:\/\/www.druckschrift.net\/index.php?rest_route=\/wp\/v2\/users\/1"}],"replies":[{"embeddable":true,"href":"https:\/\/www.druckschrift.net\/index.php?rest_route=%2Fwp%2Fv2%2Fcomments&post=3679"}],"version-history":[{"count":3,"href":"https:\/\/www.druckschrift.net\/index.php?rest_route=\/wp\/v2\/posts\/3679\/revisions"}],"predecessor-version":[{"id":3690,"href":"https:\/\/www.druckschrift.net\/index.php?rest_route=\/wp\/v2\/posts\/3679\/revisions\/3690"}],"wp:attachment":[{"href":"https:\/\/www.druckschrift.net\/index.php?rest_route=%2Fwp%2Fv2%2Fmedia&parent=3679"}],"wp:term":[{"taxonomy":"category","embeddable":true,"href":"https:\/\/www.druckschrift.net\/index.php?rest_route=%2Fwp%2Fv2%2Fcategories&post=3679"},{"taxonomy":"post_tag","embeddable":true,"href":"https:\/\/www.druckschrift.net\/index.php?rest_route=%2Fwp%2Fv2%2Ftags&post=3679"}],"curies":[{"name":"wp","href":"https:\/\/api.w.org\/{rel}","templated":true}]}}