{"id":3345,"date":"2026-07-18T12:58:51","date_gmt":"2026-07-18T11:58:51","guid":{"rendered":"https:\/\/www.druckschrift.net\/?p=3345"},"modified":"2026-07-25T11:32:38","modified_gmt":"2026-07-25T10:32:38","slug":"stoergefuehl","status":"publish","type":"post","link":"https:\/\/www.druckschrift.net\/?p=3345","title":{"rendered":"St\u00f6rgef\u00fchl"},"content":{"rendered":"\n<p class=\"wp-block-paragraph\">Dass Jens Spahn jetzt \u00fcber seine Widerspr\u00fcchlichkeit zum Thema <a href=\"https:\/\/de.wikipedia.org\/wiki\/Leihmutter\">Leihmutterschaft<\/a> zu stolpern scheint, hinterl\u00e4sst bei mir wieder mal ein <a href=\"https:\/\/www.druckschrift.net\/?p=3233\">St\u00f6rgef\u00fchl<\/a>. So ganz kann ich dieses Gef\u00fchl nicht fassen. Klar, wer politisch die Haltung hat, Leihmutterschaft m\u00fcsse verboten bleiben, weil es nicht moralisch ist, privat aber mit seinem Mann ein Kind hat, dass per Leihmutterschaft entstanden ist (und man sich das Ganze nur mit dem n\u00f6tigen Geld leisten kann), der muss mit Kritik rechnen. <a href=\"https:\/\/lobbypedia.de\/wiki\/Jens_Spahn\">Gleichzeitig hat er sich schon so viel geleistet<\/a>, weshalb er meiner Ansicht nach zur\u00fccktreten h\u00e4tte k\u00f6nnen. Da spielt doch im aktuellen Fall sicher auch irgendwie mit rein, dass <a href=\"https:\/\/www.deutschlandfunk.de\/hubert-hueppe-vorsitzender-senioren-union-zu-doppelmoral-bei-jens-spahn-100.html\">viele<\/a> <a href=\"https:\/\/www.deutschlandfunk.de\/spahns-leihmutterschaft-interview-mit-wolfgang-bosbach-cdu-100.html\">Leute<\/a> <a href=\"https:\/\/www.deutschlandfunk.de\/merz-kuendigt-gespraeche-ueber-fall-spahn-an-ruecktrittsforderungen-aus-der-cdu-102.html\">aus den eigenen Reihen<\/a> mit dem gesamten <a href=\"https:\/\/www.druckschrift.net\/?page_id=2\" data-type=\"page\" data-id=\"2\">Familienmodell<\/a> von ihm so ihre Probleme haben. So aus absolut pers\u00f6nlicher Sicht ist das sicher eine schwierige Situation. Wenn der Partner eine so weitreichende Entscheidung trifft, kann man sich ja fast nur zwischen politischer Karriere und Familie entscheiden&#8230; &#8211; Ah, wie ich gerade lese, <a href=\"https:\/\/www.tagesschau.de\/eilmeldung\/eilmeldung-9428.html\">tritt Jens Spahn zur\u00fcck<\/a>. Das St\u00f6rgef\u00fchl bleibt.<\/p>\n\n\n\n<p class=\"wp-block-paragraph\">Nachtrag:<br><a href=\"https:\/\/www.instagram.com\/reel\/Da7PhqSMn-5\/?igsh=dGJsYmNoM3FkNjVr\">Leere Zahnpastatube<\/a><br><a href=\"https:\/\/www.der-postillon.com\/2026\/07\/spahn-windeln.html\">Jens Spahn kauft Windeln f\u00fcr 10 Milliarden Euro<\/a><\/p>\n\n\n\n<p class=\"wp-block-paragraph\">Nachtrag 2:<br><a href=\"https:\/\/diego.blogger.de\/stories\/2916945\/\">Das Thema<\/a> besch\u00e4ftigt einige vielleicht auch deshalb, weil die ethischen \u00dcberlegungen sehr dicht an dem Thema Abtreibung sind. <a href=\"https:\/\/www.tagesspiegel.de\/politik\/bundesburger-gespalten-bei-verbot-neue-debatte-um-leihmutterschaft-nach-spahns-rucktritt-15860098.html\">Ein Hauptargument<\/a> der Gegner von Leihmutterschaft war, soweit ich es mitbekommen habe, dass die (psychische) Gesundheit der Leihmutter gesch\u00fctzt werden solle. <a href=\"https:\/\/www.brigitte.de\/aktuell\/gesellschaft\/karin-prien---keinen-kindesunterhalt-zu-zahlen--ist-eine-sauerei--14012618.html\">Gegner von Abtreibungen indes betonen<\/a> die Abw\u00e4gung zwischen dem Schutz des ungeborenen Lebens und dem Schutz der Mutter. Ich finde, dass das ein bisschen widerspr\u00fcchlich ist. Bzw. die Gemeinsamkeit in beiden Argumenten ist, dass der austragenden Frau die Entscheidungsf\u00e4higkeit abgesprochen wird. <\/p>\n\n\n\n<p class=\"wp-block-paragraph\"><\/p>\n","protected":false},"excerpt":{"rendered":"<p>Dass Jens Spahn jetzt \u00fcber seine Widerspr\u00fcchlichkeit zum Thema Leihmutterschaft zu stolpern scheint, hinterl\u00e4sst bei mir wieder&#8230;<\/p>\n<div class=\"more-link-wrapper\"><a class=\"more-link\" href=\"https:\/\/www.druckschrift.net\/?p=3345\">weiterleesen<span class=\"screen-reader-text\">St\u00f6rgef\u00fchl<\/span><\/a><\/div>\n","protected":false},"author":1,"featured_media":0,"comment_status":"closed","ping_status":"open","sticky":false,"template":"","format":"standard","meta":{"footnotes":""},"categories":[6],"tags":[80,68],"class_list":["post-3345","post","type-post","status-publish","format-standard","hentry","category-blogbuchstaben","tag-gesellschaft","tag-politik","entry"],"_links":{"self":[{"href":"https:\/\/www.druckschrift.net\/index.php?rest_route=\/wp\/v2\/posts\/3345","targetHints":{"allow":["GET"]}}],"collection":[{"href":"https:\/\/www.druckschrift.net\/index.php?rest_route=\/wp\/v2\/posts"}],"about":[{"href":"https:\/\/www.druckschrift.net\/index.php?rest_route=\/wp\/v2\/types\/post"}],"author":[{"embeddable":true,"href":"https:\/\/www.druckschrift.net\/index.php?rest_route=\/wp\/v2\/users\/1"}],"replies":[{"embeddable":true,"href":"https:\/\/www.druckschrift.net\/index.php?rest_route=%2Fwp%2Fv2%2Fcomments&post=3345"}],"version-history":[{"count":8,"href":"https:\/\/www.druckschrift.net\/index.php?rest_route=\/wp\/v2\/posts\/3345\/revisions"}],"predecessor-version":[{"id":3498,"href":"https:\/\/www.druckschrift.net\/index.php?rest_route=\/wp\/v2\/posts\/3345\/revisions\/3498"}],"wp:attachment":[{"href":"https:\/\/www.druckschrift.net\/index.php?rest_route=%2Fwp%2Fv2%2Fmedia&parent=3345"}],"wp:term":[{"taxonomy":"category","embeddable":true,"href":"https:\/\/www.druckschrift.net\/index.php?rest_route=%2Fwp%2Fv2%2Fcategories&post=3345"},{"taxonomy":"post_tag","embeddable":true,"href":"https:\/\/www.druckschrift.net\/index.php?rest_route=%2Fwp%2Fv2%2Ftags&post=3345"}],"curies":[{"name":"wp","href":"https:\/\/api.w.org\/{rel}","templated":true}]}}