{"id":3032,"date":"2025-01-31T16:17:49","date_gmt":"2025-01-31T15:17:49","guid":{"rendered":"https:\/\/www.druckschrift.net\/?p=3032"},"modified":"2025-01-31T16:17:49","modified_gmt":"2025-01-31T15:17:49","slug":"dampf","status":"publish","type":"post","link":"https:\/\/www.druckschrift.net\/?p=3032","title":{"rendered":"Dampf"},"content":{"rendered":"\n<p>Jetzt zitiert Dobrindt in einer <a href=\"https:\/\/www.bundestag.de\/dokumente\/textarchiv\/2025\/kw05-de-zustrombegrenzungsgesetz-1042038\">hitzigen Debatte im Bundestag<\/a> aus dem <a href=\"https:\/\/www.bibleserver.com\/EU\/Jakobus4\">Jakobusbrief<\/a>: &#8222;Wer also das Gute tun kann und es nicht tut, der s\u00fcndigt.&#8220; Es lohnt sich, in den Zusammenhang zu schauen:<\/p>\n\n\n\n<blockquote class=\"wp-block-quote is-layout-flow wp-block-quote-is-layout-flow\">\n<p>Ihr aber, die ihr sagt: Heute oder morgen werden wir in diese oder jene Stadt reisen, dort werden wir ein Jahr bleiben, Handel treiben und Gewinne machen &#8211; ihr wisst doch nicht, was morgen mit eurem Leben sein wird. Rauch seid ihr, den man eine Weile sieht; dann verschwindet er. Ihr solltet lieber sagen: Wenn der Herr will, werden wir noch leben und dies oder jenes tun. Nun aber r\u00fchmt ihr euch voll \u00dcbermut. Solches R\u00fchmen ist schlecht. Wer also das Gute tun kann und es nicht tut, der s\u00fcndigt.<\/p>\n<\/blockquote>\n\n\n\n<p>Siehe auch: <a href=\"https:\/\/www.druckschrift.net\/?p=309\">Das Gesetz der Freiheit<\/a>.<\/p>\n","protected":false},"excerpt":{"rendered":"<p>Jetzt zitiert Dobrindt in einer hitzigen Debatte im Bundestag aus dem Jakobusbrief: &#8222;Wer also das Gute tun&#8230;<\/p>\n<div class=\"more-link-wrapper\"><a class=\"more-link\" href=\"https:\/\/www.druckschrift.net\/?p=3032\">weiterleesen<span class=\"screen-reader-text\">Dampf<\/span><\/a><\/div>\n","protected":false},"author":1,"featured_media":0,"comment_status":"closed","ping_status":"open","sticky":false,"template":"","format":"standard","meta":{"footnotes":""},"categories":[6],"tags":[68],"class_list":["post-3032","post","type-post","status-publish","format-standard","hentry","category-blogbuchstaben","tag-politik","entry"],"_links":{"self":[{"href":"https:\/\/www.druckschrift.net\/index.php?rest_route=\/wp\/v2\/posts\/3032","targetHints":{"allow":["GET"]}}],"collection":[{"href":"https:\/\/www.druckschrift.net\/index.php?rest_route=\/wp\/v2\/posts"}],"about":[{"href":"https:\/\/www.druckschrift.net\/index.php?rest_route=\/wp\/v2\/types\/post"}],"author":[{"embeddable":true,"href":"https:\/\/www.druckschrift.net\/index.php?rest_route=\/wp\/v2\/users\/1"}],"replies":[{"embeddable":true,"href":"https:\/\/www.druckschrift.net\/index.php?rest_route=%2Fwp%2Fv2%2Fcomments&post=3032"}],"version-history":[{"count":1,"href":"https:\/\/www.druckschrift.net\/index.php?rest_route=\/wp\/v2\/posts\/3032\/revisions"}],"predecessor-version":[{"id":3033,"href":"https:\/\/www.druckschrift.net\/index.php?rest_route=\/wp\/v2\/posts\/3032\/revisions\/3033"}],"wp:attachment":[{"href":"https:\/\/www.druckschrift.net\/index.php?rest_route=%2Fwp%2Fv2%2Fmedia&parent=3032"}],"wp:term":[{"taxonomy":"category","embeddable":true,"href":"https:\/\/www.druckschrift.net\/index.php?rest_route=%2Fwp%2Fv2%2Fcategories&post=3032"},{"taxonomy":"post_tag","embeddable":true,"href":"https:\/\/www.druckschrift.net\/index.php?rest_route=%2Fwp%2Fv2%2Ftags&post=3032"}],"curies":[{"name":"wp","href":"https:\/\/api.w.org\/{rel}","templated":true}]}}