{"id":2941,"date":"2024-02-16T13:42:45","date_gmt":"2024-02-16T12:42:45","guid":{"rendered":"https:\/\/www.druckschrift.net\/?p=2941"},"modified":"2024-02-16T13:45:12","modified_gmt":"2024-02-16T12:45:12","slug":"resilieren","status":"publish","type":"post","link":"https:\/\/www.druckschrift.net\/?p=2941","title":{"rendered":"Resilieren"},"content":{"rendered":"\n<p>So neu ist das Wort <em>Resilienz<\/em> nicht, aber wir hatten neulich einen Schwerpunkttag an der Schule, an dem auch dieser Begriff eine wichtige Rolle spielte. Ich muss bei dem Wort resilient sehr stark an <em>flexibel<\/em> denken. Solche W\u00f6rter haben ganz schnell den Geschmack, als w\u00fcrde man sie von einem Chef gesagt bekommen. Soll hei\u00dfen: Das sind solche Luftblasenw\u00f6rter, bei denen nicht nur die direkte Bedeutung des Wortes oder die Situation, in der man es sagt, eine Rolle spielt, sondern auch das Werteger\u00fcst und die Rolle im System der sie aussprechenden Person. Ein gut gemeinter Vorschlag zur Resilienzsteigerung klingt dann schnell nach einer Idee, wie man <a href=\"https:\/\/www.youtube.com\/watch?v=BpVg8M99pcg\">besser <em>funktioniert<\/em><\/a>.<\/p>\n\n\n\n<p><a href=\"https:\/\/de.wikipedia.org\/wiki\/Richard_Sennett#Der_flexible_Mensch\">Richard Sennett<\/a>s \u00fcber 25 Jahre altes (ulay!) Buch <em>Der flexible Mensch<\/em> kommt mir da in den Sinn: &#8222;Absolute Flexibilit\u00e4t bedeutet f\u00fcr den einzelnen, einer unvorhersehbaren Kontrolle durch wechselnde Dritte ausgesetzt zu sein.&#8220; (<a href=\"https:\/\/www.deutschlandfunk.de\/der-flexible-mensch-100.html\">Deutschlandfunk 1998<\/a>) Kein Wunder, dass man heute die Leute resilienter machen muss, nachdem man sie vor einer Weile flexibler gemacht hat.<\/p>\n\n\n\n<p>Ich hab mir jedenfalls vorgenommen, in Zukunft etwas mehr zu resilieren und auch mal <em>Nein<\/em> zu etwas sagen &#8211; wozu ich Nein sage, sehe ich dann, ganz flexibel.<\/p>\n","protected":false},"excerpt":{"rendered":"<p>So neu ist das Wort Resilienz nicht, aber wir hatten neulich einen Schwerpunkttag an der Schule, an&#8230;<\/p>\n<div class=\"more-link-wrapper\"><a class=\"more-link\" href=\"https:\/\/www.druckschrift.net\/?p=2941\">weiterleesen<span class=\"screen-reader-text\">Resilieren<\/span><\/a><\/div>\n","protected":false},"author":3,"featured_media":0,"comment_status":"closed","ping_status":"open","sticky":false,"template":"","format":"standard","meta":{"footnotes":""},"categories":[6],"tags":[56,80],"class_list":["post-2941","post","type-post","status-publish","format-standard","hentry","category-blogbuchstaben","tag-fortschritt","tag-gesellschaft","entry"],"_links":{"self":[{"href":"https:\/\/www.druckschrift.net\/index.php?rest_route=\/wp\/v2\/posts\/2941","targetHints":{"allow":["GET"]}}],"collection":[{"href":"https:\/\/www.druckschrift.net\/index.php?rest_route=\/wp\/v2\/posts"}],"about":[{"href":"https:\/\/www.druckschrift.net\/index.php?rest_route=\/wp\/v2\/types\/post"}],"author":[{"embeddable":true,"href":"https:\/\/www.druckschrift.net\/index.php?rest_route=\/wp\/v2\/users\/3"}],"replies":[{"embeddable":true,"href":"https:\/\/www.druckschrift.net\/index.php?rest_route=%2Fwp%2Fv2%2Fcomments&post=2941"}],"version-history":[{"count":3,"href":"https:\/\/www.druckschrift.net\/index.php?rest_route=\/wp\/v2\/posts\/2941\/revisions"}],"predecessor-version":[{"id":2944,"href":"https:\/\/www.druckschrift.net\/index.php?rest_route=\/wp\/v2\/posts\/2941\/revisions\/2944"}],"wp:attachment":[{"href":"https:\/\/www.druckschrift.net\/index.php?rest_route=%2Fwp%2Fv2%2Fmedia&parent=2941"}],"wp:term":[{"taxonomy":"category","embeddable":true,"href":"https:\/\/www.druckschrift.net\/index.php?rest_route=%2Fwp%2Fv2%2Fcategories&post=2941"},{"taxonomy":"post_tag","embeddable":true,"href":"https:\/\/www.druckschrift.net\/index.php?rest_route=%2Fwp%2Fv2%2Ftags&post=2941"}],"curies":[{"name":"wp","href":"https:\/\/api.w.org\/{rel}","templated":true}]}}