{"id":2036,"date":"2019-01-14T11:33:53","date_gmt":"2019-01-14T10:33:53","guid":{"rendered":"http:\/\/www.druckschrift.net\/?p=2036"},"modified":"2019-01-13T13:02:55","modified_gmt":"2019-01-13T12:02:55","slug":"im-anfang-steht-das-denken-still-und-lauscht","status":"publish","type":"post","link":"https:\/\/www.druckschrift.net\/?p=2036","title":{"rendered":"Im Anfang steht das Denken still und lauscht"},"content":{"rendered":"<p>Im Deutschlandfunk Kultur gibt es gerade einige Buchvorstellungen zum Thema <a href=\"https:\/\/www.druckschrift.net\/?p=1734\">Ki&amp;Co<\/a>, z.B.: <a href=\"https:\/\/www.deutschlandfunkkultur.de\/robert-feustel-am-anfang-war-die-information-die-grenzen.1270.de.html?dram:article_id=438116\">Robert Feustel: \u201eAm Anfang war die Information\u201c &#8211; Die Grenzen der Digitalisierung<\/a>.<\/p>\n<p>Zu Beginn des Beitrages unterl\u00e4uft dem Moderator ein beliebter Fehler, der sich zum Teil wohl vom Buchtitel herleitet, als er sagt: &#8222;&#8218;Am Anfang war das Wort&#8216;, so lautet zumindest in der Bibel die <a href=\"https:\/\/www.druckschrift.net\/?p=2011\">Sch\u00f6pfung<\/a>sgeschichte.&#8220; Das gemeinte Zitat ist <a href=\"https:\/\/www.die-bibel.de\/bibeln\/online-bibeln\/einheitsuebersetzung\/bibeltext\/bibel\/text\/lesen\/stelle\/53\/10001\/19999\/\">aus dem Johannesevangelium<\/a> und lautet eigentlich &#8222;Im Anfang war das Wort&#8220;. Die Bedeutung ver\u00e4ndert sich nicht unwesentlich, wenn es &#8222;Im&#8220; oder &#8222;Am&#8220; hei\u00dft.<\/p>\n<p>Eine interessante \u00dcbersetzung findet sich ebenfalls beim <a href=\"https:\/\/www.deutschlandfunkkultur.de\/im-anfang-war-das-wort.1124.de.html?dram:article_id=176980\">DLF Kultur<\/a>:<\/p>\n<blockquote><p>Im Uranfang war Er, das Wort.<br \/>\nUnd Er, das Wort, war bei Gott.<br \/>\nUnd Gott war Er, das Wort.<br \/>\nDer war im Uranfang bei Gott<br \/>\nAlles ist durch Ihn geworden,<br \/>\nund ohne Ihn geworden ist nicht eines.<\/p><\/blockquote>\n<p>Eugen Drewermann \u00fcbersetzt das nicht ungeschickt so:<\/p>\n<blockquote><p>Am Anfang steht worthafter Geist. Denn worthafter Geist geht nach Gott. Gott selber ist worthafter Geist.<\/p>\n<p>Von Anfang an geht er nach Gott.<\/p>\n<p>Alles entsteht nur durch ihn, und ohne ihn entsteht nichts. Was immer entsteht, ist Leben durch ihn.<\/p><\/blockquote>\n<p>Jetzt ist nat\u00fcrlich die Frage, ob Robert Feustel mit seinem Buchtitel wirklich auf das Johannesevangelium anspielen will, vermutlich nicht. F\u00fcr die Meinung von Philosoph Markus Gabriel, <a href=\"https:\/\/www.deutschlandfunkkultur.de\/mensch-und-maschine-ohne-bewusstsein-keine-intelligenz.1270.de.html?dram:article_id=438161\">Gedanken seien objektiv wahre Tatsachen, die wie ein Ding existieren<\/a>, kann er jedenfalls nichts. (Das Beispiel, Angela Merkel sei Bundeskanzlerin, ohne dass wir dies denken, ist eigentlich ein Beispiel f\u00fcr ein Gegenargument, denn wenn niemand denken w\u00fcrde, sie sei Bundeskanzlerin, w\u00e4re Angela Merkel verr\u00fcckt. <a href=\"https:\/\/www.buzznews.de\/2015\/07\/11\/schlechte-philosophie-neuer-realismus-definition-und-verriss-kritik-an-markus-gabriel-mit-dem-\u00fcberlegenen-gegner-richard-rorty-neopragmatist\/\">Wer ist nun verr\u00fcckt?<\/a>)<\/p>\n<p>Mir scheint die f\u00e4lschliche \u00dcbersetzung sowie die Zuschreibung zur Genesis ein \u00e4hnlich beliebter Irrtum zu sein, wie der, nachdem Eva, das <a href=\"https:\/\/www.wissen.de\/wortherkunft\/schlawiner\">Fr\u00fcchtchen<\/a>, ihrem Adam einen <a href=\"https:\/\/www.wissen.de\/wortherkunft\/paradiesapfel\">Apfel<\/a> gegeben h\u00e4tte. Siehe auch: <a href=\"https:\/\/www.druckschrift.net\/?s=der+unsichtbare+apfel\">Der unsichtbare Apfel<\/a>.<\/p>\n<p>Am ehesten aus der Reihe der vorgestellten B\u00fccher w\u00fcrde mich &#8222;<a href=\"https:\/\/www.deutschlandfunkkultur.de\/toby-walsh-it-s-alive-eine-reise-durch-die-welt-der.1270.de.html?dram:article_id=438109\">It&#8217;s Alive<\/a>&#8220; interessieren.<\/p>\n","protected":false},"excerpt":{"rendered":"<p>Im Deutschlandfunk Kultur gibt es gerade einige Buchvorstellungen zum Thema Ki&amp;Co, z.B.: Robert Feustel: \u201eAm Anfang war&#8230;<\/p>\n<div class=\"more-link-wrapper\"><a class=\"more-link\" href=\"https:\/\/www.druckschrift.net\/?p=2036\">weiterleesen<span class=\"screen-reader-text\">Im Anfang steht das Denken still und lauscht<\/span><\/a><\/div>\n","protected":false},"author":3,"featured_media":0,"comment_status":"closed","ping_status":"open","sticky":false,"template":"","format":"standard","meta":{"footnotes":""},"categories":[6],"tags":[83,59,62],"class_list":["post-2036","post","type-post","status-publish","format-standard","hentry","category-blogbuchstaben","tag-maschine","tag-religion","tag-wirr","entry"],"_links":{"self":[{"href":"https:\/\/www.druckschrift.net\/index.php?rest_route=\/wp\/v2\/posts\/2036","targetHints":{"allow":["GET"]}}],"collection":[{"href":"https:\/\/www.druckschrift.net\/index.php?rest_route=\/wp\/v2\/posts"}],"about":[{"href":"https:\/\/www.druckschrift.net\/index.php?rest_route=\/wp\/v2\/types\/post"}],"author":[{"embeddable":true,"href":"https:\/\/www.druckschrift.net\/index.php?rest_route=\/wp\/v2\/users\/3"}],"replies":[{"embeddable":true,"href":"https:\/\/www.druckschrift.net\/index.php?rest_route=%2Fwp%2Fv2%2Fcomments&post=2036"}],"version-history":[{"count":2,"href":"https:\/\/www.druckschrift.net\/index.php?rest_route=\/wp\/v2\/posts\/2036\/revisions"}],"predecessor-version":[{"id":2038,"href":"https:\/\/www.druckschrift.net\/index.php?rest_route=\/wp\/v2\/posts\/2036\/revisions\/2038"}],"wp:attachment":[{"href":"https:\/\/www.druckschrift.net\/index.php?rest_route=%2Fwp%2Fv2%2Fmedia&parent=2036"}],"wp:term":[{"taxonomy":"category","embeddable":true,"href":"https:\/\/www.druckschrift.net\/index.php?rest_route=%2Fwp%2Fv2%2Fcategories&post=2036"},{"taxonomy":"post_tag","embeddable":true,"href":"https:\/\/www.druckschrift.net\/index.php?rest_route=%2Fwp%2Fv2%2Ftags&post=2036"}],"curies":[{"name":"wp","href":"https:\/\/api.w.org\/{rel}","templated":true}]}}